{"id":130,"date":"2024-04-27T09:04:44","date_gmt":"2024-04-27T09:04:44","guid":{"rendered":"https:\/\/trinxidoiro.org\/?p=130"},"modified":"2024-04-27T09:29:44","modified_gmt":"2024-04-27T09:29:44","slug":"son-da-mina-aldea-jose-de-anton","status":"publish","type":"post","link":"https:\/\/trinxidoiro.org\/index.php\/2024\/04\/27\/son-da-mina-aldea-jose-de-anton\/","title":{"rendered":"Son da Mi\u00f1a Aldea &#8211; Jos\u00e9 de Ant\u00f3n"},"content":{"rendered":"\n<figure class=\"wp-block-image size-full is-resized\"><img  title=\"\" loading=\"lazy\" decoding=\"async\" width=\"618\" height=\"450\" src=\"https:\/\/trinxidoiro.org\/wp-content\/uploads\/2024\/04\/image-3.png\"  alt=\"image-3 Son da Mi\u00f1a Aldea - Jos\u00e9 de Ant\u00f3n\"  class=\"wp-image-131\" style=\"width:842px;height:auto\" srcset=\"https:\/\/trinxidoiro.org\/wp-content\/uploads\/2024\/04\/image-3.png 618w, https:\/\/trinxidoiro.org\/wp-content\/uploads\/2024\/04\/image-3-300x218.png 300w\" sizes=\"auto, (max-width: 618px) 100vw, 618px\" \/><\/figure>\n\n\n\n<figure class=\"wp-block-audio\"><audio controls src=\"https:\/\/trinxidoiro.org\/wp-content\/uploads\/2024\/04\/sdma_josedeanton.mp3\" autoplay><\/audio><\/figure>\n","protected":false},"excerpt":{"rendered":"","protected":false},"author":1,"featured_media":0,"comment_status":"closed","ping_status":"open","sticky":false,"template":"","format":"standard","meta":{"_jetpack_memberships_contains_paid_content":false,"footnotes":""},"categories":[42],"tags":[41],"class_list":["post-130","post","type-post","status-publish","format-standard","hentry","category-enlaesqr","tag-enlacesqr"],"yoast_head":"<!-- This site is optimized with the Yoast SEO plugin v22.5 - https:\/\/yoast.com\/wordpress\/plugins\/seo\/ -->\n<title>Son da Mi\u00f1a Aldea - Jos\u00e9 de Ant\u00f3n - Asociaci\u00f3n de Veci\u00f1os Trinxidoiro<\/title>\n<meta name=\"robots\" content=\"index, follow, max-snippet:-1, max-image-preview:large, max-video-preview:-1\" \/>\n<link rel=\"canonical\" href=\"https:\/\/trinxidoiro.org\/index.php\/2024\/04\/27\/son-da-mina-aldea-jose-de-anton\/\" \/>\n<meta property=\"og:locale\" content=\"gl_ES\" \/>\n<meta property=\"og:type\" content=\"article\" \/>\n<meta property=\"og:title\" content=\"Son da Mi\u00f1a Aldea - Jos\u00e9 de Ant\u00f3n - Asociaci\u00f3n de Veci\u00f1os Trinxidoiro\" \/>\n<meta property=\"og:url\" content=\"https:\/\/trinxidoiro.org\/index.php\/2024\/04\/27\/son-da-mina-aldea-jose-de-anton\/\" \/>\n<meta property=\"og:site_name\" content=\"Asociaci\u00f3n de Veci\u00f1os Trinxidoiro\" \/>\n<meta property=\"article:publisher\" content=\"https:\/\/www.facebook.com\/trinxidoiro\" \/>\n<meta property=\"article:published_time\" content=\"2024-04-27T09:04:44+00:00\" \/>\n<meta property=\"article:modified_time\" content=\"2024-04-27T09:29:44+00:00\" \/>\n<meta property=\"og:image\" content=\"https:\/\/trinxidoiro.org\/wp-content\/uploads\/2024\/04\/image-3.png\" \/>\n<meta name=\"author\" content=\"Trinxidoiro\" \/>\n<meta name=\"twitter:card\" content=\"summary_large_image\" \/>\n<meta name=\"twitter:label1\" content=\"Escrito por\" \/>\n\t<meta name=\"twitter:data1\" content=\"Trinxidoiro\" \/>\n\t<meta name=\"twitter:label2\" content=\"Tempo de lectura\" \/>\n\t<meta name=\"twitter:data2\" content=\"1 minuto\" \/>\n<script type=\"application\/ld+json\" class=\"yoast-schema-graph\">{\"@context\":\"https:\/\/schema.org\",\"@graph\":[{\"@type\":\"Article\",\"@id\":\"https:\/\/trinxidoiro.org\/index.php\/2024\/04\/27\/son-da-mina-aldea-jose-de-anton\/#article\",\"isPartOf\":{\"@id\":\"https:\/\/trinxidoiro.org\/index.php\/2024\/04\/27\/son-da-mina-aldea-jose-de-anton\/\"},\"author\":{\"name\":\"Trinxidoiro\",\"@id\":\"https:\/\/trinxidoiro.org\/#\/schema\/person\/d2b85fb5d67259d6a29bdc6eafa96037\"},\"headline\":\"Son da Mi\u00f1a Aldea &#8211; Jos\u00e9 de Ant\u00f3n\",\"datePublished\":\"2024-04-27T09:04:44+00:00\",\"dateModified\":\"2024-04-27T09:29:44+00:00\",\"mainEntityOfPage\":{\"@id\":\"https:\/\/trinxidoiro.org\/index.php\/2024\/04\/27\/son-da-mina-aldea-jose-de-anton\/\"},\"wordCount\":10,\"publisher\":{\"@id\":\"https:\/\/trinxidoiro.org\/#organization\"},\"image\":{\"@id\":\"https:\/\/trinxidoiro.org\/index.php\/2024\/04\/27\/son-da-mina-aldea-jose-de-anton\/#primaryimage\"},\"thumbnailUrl\":\"https:\/\/trinxidoiro.org\/wp-content\/uploads\/2024\/04\/image-3.png\",\"keywords\":[\"Enlacesqr\"],\"articleSection\":[\"Enlaces QR\"],\"inLanguage\":\"gl-ES\"},{\"@type\":\"WebPage\",\"@id\":\"https:\/\/trinxidoiro.org\/index.php\/2024\/04\/27\/son-da-mina-aldea-jose-de-anton\/\",\"url\":\"https:\/\/trinxidoiro.org\/index.php\/2024\/04\/27\/son-da-mina-aldea-jose-de-anton\/\",\"name\":\"Son da Mi\u00f1a Aldea - Jos\u00e9 de Ant\u00f3n - Asociaci\u00f3n de Veci\u00f1os Trinxidoiro\",\"isPartOf\":{\"@id\":\"https:\/\/trinxidoiro.org\/#website\"},\"primaryImageOfPage\":{\"@id\":\"https:\/\/trinxidoiro.org\/index.php\/2024\/04\/27\/son-da-mina-aldea-jose-de-anton\/#primaryimage\"},\"image\":{\"@id\":\"https:\/\/trinxidoiro.org\/index.php\/2024\/04\/27\/son-da-mina-aldea-jose-de-anton\/#primaryimage\"},\"thumbnailUrl\":\"https:\/\/trinxidoiro.org\/wp-content\/uploads\/2024\/04\/image-3.png\",\"datePublished\":\"2024-04-27T09:04:44+00:00\",\"dateModified\":\"2024-04-27T09:29:44+00:00\",\"breadcrumb\":{\"@id\":\"https:\/\/trinxidoiro.org\/index.php\/2024\/04\/27\/son-da-mina-aldea-jose-de-anton\/#breadcrumb\"},\"inLanguage\":\"gl-ES\",\"potentialAction\":[{\"@type\":\"ReadAction\",\"target\":[\"https:\/\/trinxidoiro.org\/index.php\/2024\/04\/27\/son-da-mina-aldea-jose-de-anton\/\"]}]},{\"@type\":\"ImageObject\",\"inLanguage\":\"gl-ES\",\"@id\":\"https:\/\/trinxidoiro.org\/index.php\/2024\/04\/27\/son-da-mina-aldea-jose-de-anton\/#primaryimage\",\"url\":\"https:\/\/trinxidoiro.org\/wp-content\/uploads\/2024\/04\/image-3.png\",\"contentUrl\":\"https:\/\/trinxidoiro.org\/wp-content\/uploads\/2024\/04\/image-3.png\",\"width\":618,\"height\":450},{\"@type\":\"BreadcrumbList\",\"@id\":\"https:\/\/trinxidoiro.org\/index.php\/2024\/04\/27\/son-da-mina-aldea-jose-de-anton\/#breadcrumb\",\"itemListElement\":[{\"@type\":\"ListItem\",\"position\":1,\"name\":\"Portada\",\"item\":\"https:\/\/trinxidoiro.org\/\"},{\"@type\":\"ListItem\",\"position\":2,\"name\":\"Son da Mi\u00f1a Aldea &#8211; Jos\u00e9 de Ant\u00f3n\"}]},{\"@type\":\"WebSite\",\"@id\":\"https:\/\/trinxidoiro.org\/#website\",\"url\":\"https:\/\/trinxidoiro.org\/\",\"name\":\"Asociaci\u00f3n de Veci\u00f1os Trinxidoiro\",\"description\":\"\",\"publisher\":{\"@id\":\"https:\/\/trinxidoiro.org\/#organization\"},\"potentialAction\":[{\"@type\":\"SearchAction\",\"target\":{\"@type\":\"EntryPoint\",\"urlTemplate\":\"https:\/\/trinxidoiro.org\/?s={search_term_string}\"},\"query-input\":\"required name=search_term_string\"}],\"inLanguage\":\"gl-ES\"},{\"@type\":\"Organization\",\"@id\":\"https:\/\/trinxidoiro.org\/#organization\",\"name\":\"Asociaci\u00f3n de Veci\u00f1os Trinxidoiro\",\"url\":\"https:\/\/trinxidoiro.org\/\",\"logo\":{\"@type\":\"ImageObject\",\"inLanguage\":\"gl-ES\",\"@id\":\"https:\/\/trinxidoiro.org\/#\/schema\/logo\/image\/\",\"url\":\"https:\/\/trinxidoiro.org\/wp-content\/uploads\/2024\/01\/logo.png\",\"contentUrl\":\"https:\/\/trinxidoiro.org\/wp-content\/uploads\/2024\/01\/logo.png\",\"width\":1000,\"height\":1016,\"caption\":\"Asociaci\u00f3n de Veci\u00f1os Trinxidoiro\"},\"image\":{\"@id\":\"https:\/\/trinxidoiro.org\/#\/schema\/logo\/image\/\"},\"sameAs\":[\"https:\/\/www.facebook.com\/trinxidoiro\"]},{\"@type\":\"Person\",\"@id\":\"https:\/\/trinxidoiro.org\/#\/schema\/person\/d2b85fb5d67259d6a29bdc6eafa96037\",\"name\":\"Trinxidoiro\",\"image\":{\"@type\":\"ImageObject\",\"inLanguage\":\"gl-ES\",\"@id\":\"https:\/\/trinxidoiro.org\/#\/schema\/person\/image\/\",\"url\":\"https:\/\/secure.gravatar.com\/avatar\/a0985c1fd170457dbd60aa405296a7ec46b90204c4f7ab10b61c1aea5919168e?s=96&d=mm&r=g\",\"contentUrl\":\"https:\/\/secure.gravatar.com\/avatar\/a0985c1fd170457dbd60aa405296a7ec46b90204c4f7ab10b61c1aea5919168e?s=96&d=mm&r=g\",\"caption\":\"Trinxidoiro\"},\"sameAs\":[\"http:\/\/trinxidoiro.org\"],\"url\":\"https:\/\/trinxidoiro.org\/index.php\/author\/admin4861\/\"}]}<\/script>\n<!-- \/ Yoast SEO plugin. -->","yoast_head_json":{"title":"Son da Mi\u00f1a Aldea - Jos\u00e9 de Ant\u00f3n - Asociaci\u00f3n de Veci\u00f1os Trinxidoiro","robots":{"index":"index","follow":"follow","max-snippet":"max-snippet:-1","max-image-preview":"max-image-preview:large","max-video-preview":"max-video-preview:-1"},"canonical":"https:\/\/trinxidoiro.org\/index.php\/2024\/04\/27\/son-da-mina-aldea-jose-de-anton\/","og_locale":"gl_ES","og_type":"article","og_title":"Son da Mi\u00f1a Aldea - Jos\u00e9 de Ant\u00f3n - Asociaci\u00f3n de Veci\u00f1os Trinxidoiro","og_url":"https:\/\/trinxidoiro.org\/index.php\/2024\/04\/27\/son-da-mina-aldea-jose-de-anton\/","og_site_name":"Asociaci\u00f3n de Veci\u00f1os Trinxidoiro","article_publisher":"https:\/\/www.facebook.com\/trinxidoiro","article_published_time":"2024-04-27T09:04:44+00:00","article_modified_time":"2024-04-27T09:29:44+00:00","og_image":[{"url":"https:\/\/trinxidoiro.org\/wp-content\/uploads\/2024\/04\/image-3.png"}],"author":"Trinxidoiro","twitter_card":"summary_large_image","twitter_misc":{"Escrito por":"Trinxidoiro","Tempo de lectura":"1 minuto"},"schema":{"@context":"https:\/\/schema.org","@graph":[{"@type":"Article","@id":"https:\/\/trinxidoiro.org\/index.php\/2024\/04\/27\/son-da-mina-aldea-jose-de-anton\/#article","isPartOf":{"@id":"https:\/\/trinxidoiro.org\/index.php\/2024\/04\/27\/son-da-mina-aldea-jose-de-anton\/"},"author":{"name":"Trinxidoiro","@id":"https:\/\/trinxidoiro.org\/#\/schema\/person\/d2b85fb5d67259d6a29bdc6eafa96037"},"headline":"Son da Mi\u00f1a Aldea &#8211; Jos\u00e9 de Ant\u00f3n","datePublished":"2024-04-27T09:04:44+00:00","dateModified":"2024-04-27T09:29:44+00:00","mainEntityOfPage":{"@id":"https:\/\/trinxidoiro.org\/index.php\/2024\/04\/27\/son-da-mina-aldea-jose-de-anton\/"},"wordCount":10,"publisher":{"@id":"https:\/\/trinxidoiro.org\/#organization"},"image":{"@id":"https:\/\/trinxidoiro.org\/index.php\/2024\/04\/27\/son-da-mina-aldea-jose-de-anton\/#primaryimage"},"thumbnailUrl":"https:\/\/trinxidoiro.org\/wp-content\/uploads\/2024\/04\/image-3.png","keywords":["Enlacesqr"],"articleSection":["Enlaces QR"],"inLanguage":"gl-ES"},{"@type":"WebPage","@id":"https:\/\/trinxidoiro.org\/index.php\/2024\/04\/27\/son-da-mina-aldea-jose-de-anton\/","url":"https:\/\/trinxidoiro.org\/index.php\/2024\/04\/27\/son-da-mina-aldea-jose-de-anton\/","name":"Son da Mi\u00f1a Aldea - Jos\u00e9 de Ant\u00f3n - Asociaci\u00f3n de Veci\u00f1os Trinxidoiro","isPartOf":{"@id":"https:\/\/trinxidoiro.org\/#website"},"primaryImageOfPage":{"@id":"https:\/\/trinxidoiro.org\/index.php\/2024\/04\/27\/son-da-mina-aldea-jose-de-anton\/#primaryimage"},"image":{"@id":"https:\/\/trinxidoiro.org\/index.php\/2024\/04\/27\/son-da-mina-aldea-jose-de-anton\/#primaryimage"},"thumbnailUrl":"https:\/\/trinxidoiro.org\/wp-content\/uploads\/2024\/04\/image-3.png","datePublished":"2024-04-27T09:04:44+00:00","dateModified":"2024-04-27T09:29:44+00:00","breadcrumb":{"@id":"https:\/\/trinxidoiro.org\/index.php\/2024\/04\/27\/son-da-mina-aldea-jose-de-anton\/#breadcrumb"},"inLanguage":"gl-ES","potentialAction":[{"@type":"ReadAction","target":["https:\/\/trinxidoiro.org\/index.php\/2024\/04\/27\/son-da-mina-aldea-jose-de-anton\/"]}]},{"@type":"ImageObject","inLanguage":"gl-ES","@id":"https:\/\/trinxidoiro.org\/index.php\/2024\/04\/27\/son-da-mina-aldea-jose-de-anton\/#primaryimage","url":"https:\/\/trinxidoiro.org\/wp-content\/uploads\/2024\/04\/image-3.png","contentUrl":"https:\/\/trinxidoiro.org\/wp-content\/uploads\/2024\/04\/image-3.png","width":618,"height":450},{"@type":"BreadcrumbList","@id":"https:\/\/trinxidoiro.org\/index.php\/2024\/04\/27\/son-da-mina-aldea-jose-de-anton\/#breadcrumb","itemListElement":[{"@type":"ListItem","position":1,"name":"Portada","item":"https:\/\/trinxidoiro.org\/"},{"@type":"ListItem","position":2,"name":"Son da Mi\u00f1a Aldea &#8211; Jos\u00e9 de Ant\u00f3n"}]},{"@type":"WebSite","@id":"https:\/\/trinxidoiro.org\/#website","url":"https:\/\/trinxidoiro.org\/","name":"Asociaci\u00f3n de Veci\u00f1os Trinxidoiro","description":"","publisher":{"@id":"https:\/\/trinxidoiro.org\/#organization"},"potentialAction":[{"@type":"SearchAction","target":{"@type":"EntryPoint","urlTemplate":"https:\/\/trinxidoiro.org\/?s={search_term_string}"},"query-input":"required name=search_term_string"}],"inLanguage":"gl-ES"},{"@type":"Organization","@id":"https:\/\/trinxidoiro.org\/#organization","name":"Asociaci\u00f3n de Veci\u00f1os Trinxidoiro","url":"https:\/\/trinxidoiro.org\/","logo":{"@type":"ImageObject","inLanguage":"gl-ES","@id":"https:\/\/trinxidoiro.org\/#\/schema\/logo\/image\/","url":"https:\/\/trinxidoiro.org\/wp-content\/uploads\/2024\/01\/logo.png","contentUrl":"https:\/\/trinxidoiro.org\/wp-content\/uploads\/2024\/01\/logo.png","width":1000,"height":1016,"caption":"Asociaci\u00f3n de Veci\u00f1os Trinxidoiro"},"image":{"@id":"https:\/\/trinxidoiro.org\/#\/schema\/logo\/image\/"},"sameAs":["https:\/\/www.facebook.com\/trinxidoiro"]},{"@type":"Person","@id":"https:\/\/trinxidoiro.org\/#\/schema\/person\/d2b85fb5d67259d6a29bdc6eafa96037","name":"Trinxidoiro","image":{"@type":"ImageObject","inLanguage":"gl-ES","@id":"https:\/\/trinxidoiro.org\/#\/schema\/person\/image\/","url":"https:\/\/secure.gravatar.com\/avatar\/a0985c1fd170457dbd60aa405296a7ec46b90204c4f7ab10b61c1aea5919168e?s=96&d=mm&r=g","contentUrl":"https:\/\/secure.gravatar.com\/avatar\/a0985c1fd170457dbd60aa405296a7ec46b90204c4f7ab10b61c1aea5919168e?s=96&d=mm&r=g","caption":"Trinxidoiro"},"sameAs":["http:\/\/trinxidoiro.org"],"url":"https:\/\/trinxidoiro.org\/index.php\/author\/admin4861\/"}]}},"jetpack_sharing_enabled":true,"jetpack_featured_media_url":"","_links":{"self":[{"href":"https:\/\/trinxidoiro.org\/index.php\/wp-json\/wp\/v2\/posts\/130","targetHints":{"allow":["GET"]}}],"collection":[{"href":"https:\/\/trinxidoiro.org\/index.php\/wp-json\/wp\/v2\/posts"}],"about":[{"href":"https:\/\/trinxidoiro.org\/index.php\/wp-json\/wp\/v2\/types\/post"}],"author":[{"embeddable":true,"href":"https:\/\/trinxidoiro.org\/index.php\/wp-json\/wp\/v2\/users\/1"}],"replies":[{"embeddable":true,"href":"https:\/\/trinxidoiro.org\/index.php\/wp-json\/wp\/v2\/comments?post=130"}],"version-history":[{"count":1,"href":"https:\/\/trinxidoiro.org\/index.php\/wp-json\/wp\/v2\/posts\/130\/revisions"}],"predecessor-version":[{"id":132,"href":"https:\/\/trinxidoiro.org\/index.php\/wp-json\/wp\/v2\/posts\/130\/revisions\/132"}],"wp:attachment":[{"href":"https:\/\/trinxidoiro.org\/index.php\/wp-json\/wp\/v2\/media?parent=130"}],"wp:term":[{"taxonomy":"category","embeddable":true,"href":"https:\/\/trinxidoiro.org\/index.php\/wp-json\/wp\/v2\/categories?post=130"},{"taxonomy":"post_tag","embeddable":true,"href":"https:\/\/trinxidoiro.org\/index.php\/wp-json\/wp\/v2\/tags?post=130"}],"curies":[{"name":"wp","href":"https:\/\/api.w.org\/{rel}","templated":true}]}}